{"id":621,"date":"2019-06-29T12:32:44","date_gmt":"2019-06-29T10:32:44","guid":{"rendered":"http:\/\/www.badnewsenter.de\/?p=621"},"modified":"2019-06-29T13:27:06","modified_gmt":"2019-06-29T11:27:06","slug":"bne-urlaub-in-amnesien","status":"publish","type":"post","link":"https:\/\/www.badnewsenter.de\/index.php\/2019\/06\/29\/bne-urlaub-in-amnesien\/","title":{"rendered":"BNE: Urlaub in Amnesien"},"content":{"rendered":"\n<p><strong>die sch\u00f6nsten Wochen des Jahres sind schon lange vorbei&#8230;<\/strong><\/p>\n\n\n\n<p><em>-> Jetzt schon vormerken:<\/em><br><em>darauffolgende Sendung Sa., 6. Juli 2019, 20.00 Uhr. &lt;-<\/em><\/p>\n\n\n\n<figure class=\"wp-block-image\"><img loading=\"lazy\" decoding=\"async\" width=\"1024\" height=\"750\" src=\"http:\/\/www.badnewsenter.de\/wp-content\/uploads\/2019\/06\/BNE-29-06-2019-1024x750.jpg\" alt=\"\" class=\"wp-image-630\" srcset=\"https:\/\/www.badnewsenter.de\/wp-content\/uploads\/2019\/06\/BNE-29-06-2019-1024x750.jpg 1024w, https:\/\/www.badnewsenter.de\/wp-content\/uploads\/2019\/06\/BNE-29-06-2019-300x220.jpg 300w, https:\/\/www.badnewsenter.de\/wp-content\/uploads\/2019\/06\/BNE-29-06-2019-768x563.jpg 768w, https:\/\/www.badnewsenter.de\/wp-content\/uploads\/2019\/06\/BNE-29-06-2019.jpg 1500w\" sizes=\"auto, (max-width: 1024px) 100vw, 1024px\" \/><figcaption>Urlaub in Amnesien<\/figcaption><\/figure>\n\n\n\n<p> <strong>-&gt; Ja, heute wieder mit Livechat! Klicken Sie auf das Sprechblasensymbol auf der Seite links unten! &lt;\u2013 <\/strong><br>-&gt; BNE-test-tv f\u00e4llt heute leider aus. &lt;\u2013<\/p>\n\n\n\n<p>\u00a701   \u2013  <a rel=\"noreferrer noopener\" aria-label=\"Bildungsoffensive in Pforzheim (\u00f6ffnet in neuem Tab)\" href=\"https:\/\/www.handelsblatt.com\/arts_und_style\/lifestyle\/luxus-in-der-lehre-dieser-professor-will-einen-lehrstuhl-fuer-luxus-gruenden-\/24418000.html?ticket=ST-575306-I3gwVi9EUTwpDDQBXurR-ap2\" target=\"_blank\">Bildungsoffensive in Pforzheim<\/a><br>\u00a702   \u2013  <a rel=\"noreferrer noopener\" aria-label=\"Julia Kl\u00f6ckner bewirbt Nestl\u00e9 (\u00f6ffnet in neuem Tab)\" href=\"https:\/\/www.tagesspiegel.de\/wirtschaft\/nach-eklat-um-video-mit-ministerin-kloeckner-darum-gilt-nestle-als-besonders-verantwortungslos\/24436918.html\" target=\"_blank\">Julia Kl\u00f6ckner bewirbt Nestl\u00e9<\/a><br>\u00a703   \u2013  <a rel=\"noreferrer noopener\" aria-label=\"13 Tage nach dem Mord: Gauck fordert Toleranz nach rechts (\u00f6ffnet in neuem Tab)\" href=\"https:\/\/www.welt.de\/politik\/deutschland\/article195297013\/Joachim-Gauck-plaediert-fuer-erweiterte-Toleranz-in-Richtung-rechts.html\" target=\"_blank\">13 Tage nach dem Mord: Gauck fordert Toleranz nach rechts<\/a><br>\u00a704   \u2013  <a rel=\"noreferrer noopener\" aria-label=\"CDU rettet mit Flugtaxis das Klima (\u00f6ffnet in neuem Tab)\" href=\"https:\/\/twitter.com\/handelsblatt\/status\/1135103025348038662?s=09)\" target=\"_blank\">CDU rettet mit Flugtaxis das Klima<br><\/a>\u00a705   \u2013 <a rel=\"noreferrer noopener\" aria-label=\" Wer erschoss Walter L\u00fcbcke? (\u00f6ffnet in neuem Tab)\" href=\"https:\/\/twitter.com\/robertandreasch\/status\/1135584027556155392\/photo\/1\" target=\"_blank\"> Wer erschoss Walter L\u00fcbcke?<\/a><br>\u00a706   \u2013  <a rel=\"noreferrer noopener\" aria-label=\"die Kanzlerin zittert (\u00f6ffnet in neuem Tab)\" href=\"https:\/\/www.tagesspiegel.de\/politik\/merkel-zittert-erneut-spekulationen-ueber-die-gesundheit-der-kanzlerin\/24502710.html\" target=\"_blank\">die Kanzlerin zittert<\/a><br>\u00a707  \u2013  u.s.w.. <\/p>\n\n\n\n<p> Dies und viel mehr am Sa 29. Juni 2019 um 20.00 Uhr auf <a rel=\"noreferrer noopener\" href=\"http:\/\/querfunk.de\/\" target=\"_blank\">Querfunk 104,8 MHz<\/a> oder im <a rel=\"noreferrer noopener\" href=\"http:\/\/mp3.querfunk.de\/qfhi\" target=\"_blank\">Querfunk-Livestream<\/a>. (Wiederholung jeden ersten Mittwoch im Monat bei <a rel=\"noreferrer noopener\" href=\"http:\/\/bermudafunk.org\/news.html\" target=\"_blank\">Bermudafunk Mannheim<\/a> bzw. in <a rel=\"noreferrer noopener\" href=\"http:\/\/streaming.bermudafunk.org\/\" target=\"_blank\">Bermudafunk-Livestream<\/a>)<br>Zuschriften werden gerne entgegengenommen unter <a href=\"mailto:mail@badnewsenter.de\"><strong>mail@badnewsenter.de<\/strong><\/a>. <\/p>\n<p>Views: 2<\/p>","protected":false},"excerpt":{"rendered":"<p>die sch\u00f6nsten Wochen des Jahres sind schon lange vorbei&#8230; -> Jetzt schon vormerken:darauffolgende Sendung Sa., 6. Juli 2019, 20.00 Uhr. &lt;- -&gt; Ja, heute wieder mit Livechat! Klicken Sie auf das Sprechblasensymbol auf der Seite links unten! &lt;\u2013 -&gt; BNE-test-tv f\u00e4llt heute leider aus. &lt;\u2013 \u00a701 \u2013 Bildungsoffensive in Pforzheim\u00a702 \u2013 Julia Kl\u00f6ckner bewirbt Nestl\u00e9\u00a703 [&hellip;]<\/p>\n","protected":false},"author":1,"featured_media":0,"comment_status":"open","ping_status":"open","sticky":false,"template":"","format":"standard","meta":{"ngg_post_thumbnail":0,"footnotes":""},"categories":[1],"tags":[20,46,9,47,16,45],"class_list":["post-621","post","type-post","status-publish","format-standard","hentry","category-allgemein","tag-bad-news-entertainment","tag-der-andere-moderator","tag-der-gute-koenig","tag-holiday","tag-querfunk","tag-urlaub"],"_links":{"self":[{"href":"https:\/\/www.badnewsenter.de\/index.php\/wp-json\/wp\/v2\/posts\/621","targetHints":{"allow":["GET"]}}],"collection":[{"href":"https:\/\/www.badnewsenter.de\/index.php\/wp-json\/wp\/v2\/posts"}],"about":[{"href":"https:\/\/www.badnewsenter.de\/index.php\/wp-json\/wp\/v2\/types\/post"}],"author":[{"embeddable":true,"href":"https:\/\/www.badnewsenter.de\/index.php\/wp-json\/wp\/v2\/users\/1"}],"replies":[{"embeddable":true,"href":"https:\/\/www.badnewsenter.de\/index.php\/wp-json\/wp\/v2\/comments?post=621"}],"version-history":[{"count":9,"href":"https:\/\/www.badnewsenter.de\/index.php\/wp-json\/wp\/v2\/posts\/621\/revisions"}],"predecessor-version":[{"id":631,"href":"https:\/\/www.badnewsenter.de\/index.php\/wp-json\/wp\/v2\/posts\/621\/revisions\/631"}],"wp:attachment":[{"href":"https:\/\/www.badnewsenter.de\/index.php\/wp-json\/wp\/v2\/media?parent=621"}],"wp:term":[{"taxonomy":"category","embeddable":true,"href":"https:\/\/www.badnewsenter.de\/index.php\/wp-json\/wp\/v2\/categories?post=621"},{"taxonomy":"post_tag","embeddable":true,"href":"https:\/\/www.badnewsenter.de\/index.php\/wp-json\/wp\/v2\/tags?post=621"}],"curies":[{"name":"wp","href":"https:\/\/api.w.org\/{rel}","templated":true}]}}